{"id":3880,"date":"2020-10-13T21:31:39","date_gmt":"2020-10-13T21:31:39","guid":{"rendered":"http:\/\/r1.ufrrj.br\/petsi\/?p=3880"},"modified":"2020-10-13T21:31:39","modified_gmt":"2020-10-13T21:31:39","slug":"o-pet-si-marcou-presenca-no-xx-sudestepet-em-sua-versao-virtual-apresentando-o-ruralcontracorona","status":"publish","type":"post","link":"https:\/\/r1.ufrrj.br\/petsi\/?p=3880","title":{"rendered":"O PET-SI marcou presen\u00e7a no XX SudestePET, em sua vers\u00e3o virtual, apresentando o #RuralContraCorona!"},"content":{"rendered":"<p style=\"text-align: justify;\">O XX SudestePET j\u00e1 come\u00e7ou!<\/p>\n<p style=\"text-align: justify;\">Dia 12 foram feitas as apresenta\u00e7\u00f5es de trabalhos, e a equipe do #RuralContraCorona foi representada pelo petiano Filippo Maio, que apresentou o trabalho para diferentes grupos PET da regi\u00e3o sudeste.<\/p>\n<p style=\"text-align: justify;\">A palestra foi um sucesso, e a equipe do <a href=\"http:\/\/ruralcontracorona.ufrrj.br\/corona\/home.php\" target=\"_blank\">#RuralContraCorona<\/a> continuar\u00e1 trabalhando para que a plataforma continue a ser um meio confi\u00e1vel de fontes de informa\u00e7\u00e3o sobre a COVID-19.<\/p>\n<p style=\"text-align: justify;\">Para saber mais sobre a programa\u00e7\u00e3o do XX SudestePET, acesse o site oficial\u00a0 <a title=\"aqui.\" href=\"https:\/\/www.xxsudestepet.com.br\/\" target=\"_blank\">aqui<\/a>!<\/p>\n<p style=\"text-align: justify;\">#oPETn\u00e3opara #PETSI #PET #UFRRJ<\/p>\n<p style=\"text-align: justify;\"><a href=\"http:\/\/r1.ufrrj.br\/petsi\/wp-content\/uploads\/2020\/10\/sudeste.jpg\" target=\"_blank\"><a href=\"http:\/\/r1.ufrrj.br\/petsi\/wp-content\/uploads\/2020\/10\/sudeste.jpg\"><img decoding=\"async\" loading=\"lazy\" class=\"aligncenter size-full wp-image-3878\" alt=\"sudeste\" src=\"http:\/\/r1.ufrrj.br\/petsi\/wp-content\/uploads\/2020\/10\/sudeste.jpg\" width=\"536\" height=\"772\" srcset=\"https:\/\/r1.ufrrj.br\/petsi\/wp-content\/uploads\/2020\/10\/sudeste.jpg 536w, https:\/\/r1.ufrrj.br\/petsi\/wp-content\/uploads\/2020\/10\/sudeste-208x300.jpg 208w\" sizes=\"(max-width: 536px) 100vw, 536px\" \/><\/a><\/a><a href=\"http:\/\/r1.ufrrj.br\/petsi\/wp-content\/uploads\/2020\/10\/sudeste.jpg\"><br \/>\n<\/a><\/p>\n","protected":false},"excerpt":{"rendered":"<p>O XX SudestePET j\u00e1 come\u00e7ou! Dia 12 foram feitas as apresenta\u00e7\u00f5es de trabalhos, e a equipe do #RuralContraCorona foi representada pelo petiano Filippo Maio, que apresentou o trabalho para diferentes grupos PET da regi\u00e3o sudeste. A palestra foi um sucesso, e a equipe do #RuralContraCorona continuar\u00e1 trabalhando para que a plataforma continue a ser um [&hellip;]<\/p>\n","protected":false},"author":3,"featured_media":3881,"comment_status":"closed","ping_status":"closed","sticky":false,"template":"","format":"standard","meta":[],"categories":[1],"tags":[],"_links":{"self":[{"href":"https:\/\/r1.ufrrj.br\/petsi\/index.php?rest_route=\/wp\/v2\/posts\/3880"}],"collection":[{"href":"https:\/\/r1.ufrrj.br\/petsi\/index.php?rest_route=\/wp\/v2\/posts"}],"about":[{"href":"https:\/\/r1.ufrrj.br\/petsi\/index.php?rest_route=\/wp\/v2\/types\/post"}],"author":[{"embeddable":true,"href":"https:\/\/r1.ufrrj.br\/petsi\/index.php?rest_route=\/wp\/v2\/users\/3"}],"replies":[{"embeddable":true,"href":"https:\/\/r1.ufrrj.br\/petsi\/index.php?rest_route=%2Fwp%2Fv2%2Fcomments&post=3880"}],"version-history":[{"count":11,"href":"https:\/\/r1.ufrrj.br\/petsi\/index.php?rest_route=\/wp\/v2\/posts\/3880\/revisions"}],"predecessor-version":[{"id":3892,"href":"https:\/\/r1.ufrrj.br\/petsi\/index.php?rest_route=\/wp\/v2\/posts\/3880\/revisions\/3892"}],"wp:featuredmedia":[{"embeddable":true,"href":"https:\/\/r1.ufrrj.br\/petsi\/index.php?rest_route=\/wp\/v2\/media\/3881"}],"wp:attachment":[{"href":"https:\/\/r1.ufrrj.br\/petsi\/index.php?rest_route=%2Fwp%2Fv2%2Fmedia&parent=3880"}],"wp:term":[{"taxonomy":"category","embeddable":true,"href":"https:\/\/r1.ufrrj.br\/petsi\/index.php?rest_route=%2Fwp%2Fv2%2Fcategories&post=3880"},{"taxonomy":"post_tag","embeddable":true,"href":"https:\/\/r1.ufrrj.br\/petsi\/index.php?rest_route=%2Fwp%2Fv2%2Ftags&post=3880"}],"curies":[{"name":"wp","href":"https:\/\/api.w.org\/{rel}","templated":true}]}}