{"id":3828,"date":"2020-08-04T19:37:46","date_gmt":"2020-08-04T19:37:46","guid":{"rendered":"http:\/\/r1.ufrrj.br\/petsi\/?p=3828"},"modified":"2020-08-04T19:49:17","modified_gmt":"2020-08-04T19:49:17","slug":"reuniao-de-tutores-de-grupos-pet-de-computacao-do-brasil","status":"publish","type":"post","link":"https:\/\/r1.ufrrj.br\/petsi\/?p=3828","title":{"rendered":"Reuni\u00e3o de tutores de Grupos PET de Computa\u00e7\u00e3o do Brasil"},"content":{"rendered":"<p>O PET-SI da UFRRJ participou da reuni\u00e3o com v\u00e1rios tutores de grupos PET de computa\u00e7\u00e3o do Brasil, a reuni\u00e3o contou com a presen\u00e7a dos profs. Sergio Serra, Giovani Liberatto, Rodrigo Guimar\u00e3es, Daniel Kikuti, M\u00e1rcio Oyamada, Raphael Cabrera e Erika Costa. A reuni\u00e3o foi muito rica. Entre os temas discutidos, debateu-se a situa\u00e7\u00e3o dos alunos\/familiares dos grupos PET, relato de a\u00e7\u00f5es realizadas durante a pandemia, troca de experi\u00eancias e apresenta\u00e7\u00e3o de poss\u00edveis projetos conjuntos relacionados a extens\u00e3o universit\u00e1ria. Em breve haver\u00e1 nova rodada de reuni\u00f5es para temas relacionados a registro de atividades de extens\u00e3o nas gradua\u00e7\u00f5es.<\/p>\n<p><a href=\"http:\/\/r1.ufrrj.br\/petsi\/wp-content\/uploads\/2020\/08\/81ffeeff-e5a7-4388-8d3d-6b021ebf6256.jpg\"><img decoding=\"async\" loading=\"lazy\" src=\"http:\/\/r1.ufrrj.br\/petsi\/wp-content\/uploads\/2020\/08\/81ffeeff-e5a7-4388-8d3d-6b021ebf6256.jpg\" alt=\"81ffeeff-e5a7-4388-8d3d-6b021ebf6256\" width=\"500\" height=\"252\" class=\"aligncenter size-full wp-image-3834\" srcset=\"https:\/\/r1.ufrrj.br\/petsi\/wp-content\/uploads\/2020\/08\/81ffeeff-e5a7-4388-8d3d-6b021ebf6256.jpg 500w, https:\/\/r1.ufrrj.br\/petsi\/wp-content\/uploads\/2020\/08\/81ffeeff-e5a7-4388-8d3d-6b021ebf6256-300x151.jpg 300w\" sizes=\"(max-width: 500px) 100vw, 500px\" \/><\/a><\/p>\n","protected":false},"excerpt":{"rendered":"<p>O PET-SI da UFRRJ participou da reuni\u00e3o com v\u00e1rios tutores de grupos PET de computa\u00e7\u00e3o do Brasil, a reuni\u00e3o contou com a presen\u00e7a dos profs. Sergio Serra, Giovani Liberatto, Rodrigo Guimar\u00e3es, Daniel Kikuti, M\u00e1rcio Oyamada, Raphael Cabrera e Erika Costa. A reuni\u00e3o foi muito rica. Entre os temas discutidos, debateu-se a situa\u00e7\u00e3o dos alunos\/familiares dos [&hellip;]<\/p>\n","protected":false},"author":3,"featured_media":0,"comment_status":"closed","ping_status":"closed","sticky":false,"template":"","format":"standard","meta":[],"categories":[1],"tags":[],"_links":{"self":[{"href":"https:\/\/r1.ufrrj.br\/petsi\/index.php?rest_route=\/wp\/v2\/posts\/3828"}],"collection":[{"href":"https:\/\/r1.ufrrj.br\/petsi\/index.php?rest_route=\/wp\/v2\/posts"}],"about":[{"href":"https:\/\/r1.ufrrj.br\/petsi\/index.php?rest_route=\/wp\/v2\/types\/post"}],"author":[{"embeddable":true,"href":"https:\/\/r1.ufrrj.br\/petsi\/index.php?rest_route=\/wp\/v2\/users\/3"}],"replies":[{"embeddable":true,"href":"https:\/\/r1.ufrrj.br\/petsi\/index.php?rest_route=%2Fwp%2Fv2%2Fcomments&post=3828"}],"version-history":[{"count":5,"href":"https:\/\/r1.ufrrj.br\/petsi\/index.php?rest_route=\/wp\/v2\/posts\/3828\/revisions"}],"predecessor-version":[{"id":3833,"href":"https:\/\/r1.ufrrj.br\/petsi\/index.php?rest_route=\/wp\/v2\/posts\/3828\/revisions\/3833"}],"wp:attachment":[{"href":"https:\/\/r1.ufrrj.br\/petsi\/index.php?rest_route=%2Fwp%2Fv2%2Fmedia&parent=3828"}],"wp:term":[{"taxonomy":"category","embeddable":true,"href":"https:\/\/r1.ufrrj.br\/petsi\/index.php?rest_route=%2Fwp%2Fv2%2Fcategories&post=3828"},{"taxonomy":"post_tag","embeddable":true,"href":"https:\/\/r1.ufrrj.br\/petsi\/index.php?rest_route=%2Fwp%2Fv2%2Ftags&post=3828"}],"curies":[{"name":"wp","href":"https:\/\/api.w.org\/{rel}","templated":true}]}}