{"id":3790,"date":"2020-06-12T21:19:07","date_gmt":"2020-06-12T21:19:07","guid":{"rendered":"http:\/\/r1.ufrrj.br\/petsi\/?p=3790"},"modified":"2020-06-12T21:19:07","modified_gmt":"2020-06-12T21:19:07","slug":"logo-do-pet-si-ganha-mascara","status":"publish","type":"post","link":"https:\/\/r1.ufrrj.br\/petsi\/?p=3790","title":{"rendered":"Logo do PET-SI ganha m\u00e1scara"},"content":{"rendered":"<p>O logo do grupo PET-SI da UFRRJ foi atualizado como se estivesse vestindo uma <strong>ma\u0301scara<\/strong>. O novo logo busca trazer empatia, solidariedade e respeito com o p\u00fablico e ressalta que as m\u00e1scaras representam um m\u00e9todo importante de preven\u00e7\u00e3o ao novo\u00a0coronavi\u0301rus. O texto PET-SI tamb\u00e9m tem novo espa\u00e7amento, indicando a import\u00e2ncia do <strong>espa\u00e7amento social<\/strong>. O novo logo indica que seguimos juntos nessa luta!<\/p>\n<p>A ac\u0327a\u0303o foi iniciada atrav\u00e9s de discuss\u00f5es em uma reuni\u00e3o online do grupo PET-SI durante a pandemia de COVID. Verificou-se que os logos de v\u00e1rias empresas tamb\u00e9m aderiram a esta pr\u00e1tica.<strong> As redes sociais do PET-SI passar\u00e3o a \u201cusar ma\u0301scara\u201d.<\/strong><\/p>\n<p>A ac\u0327a\u0303o nas redes sociais do PET-SI em tempos de pandemia visam informar a populac\u0327a\u0303o. O uso adequado das m\u00e1scaras protegem nariz e boca ao sair de casa \u2013 medida de protec\u0327a\u0303o que passou a ser obrigato\u0301ria em va\u0301rias cidades do pai\u0301s. O uso de ma\u0301scara e\u0301 recomendado pelo\u00a0Ministe\u0301rio da Sau\u0301de\u00a0e alinha-se aos estudos me\u0301dicos recentes que comprovam a alta capacidade de transmissa\u0303o tambe\u0301m entre pessoas assintoma\u0301ticas, tornando indispensa\u0301vel o uso da ma\u0301scara de protec\u0327a\u0303o mesmo para quem na\u0303o apresenta febre, tosse, dor de cabec\u0327a ou de garganta.<br \/>\n#VaiPassar, #SePuderFiqueEmCasa, #VemMaisPorA\u00ed, #PET-SI #UFRRJ<a href=\"http:\/\/r1.ufrrj.br\/petsi\/wp-content\/uploads\/2020\/06\/WhatsApp-Image-2020-06-12-at-17.51.00.jpeg\"><img decoding=\"async\" loading=\"lazy\" class=\"aligncenter size-full wp-image-3791\" alt=\"WhatsApp Image 2020-06-12 at 17.51.00\" src=\"http:\/\/r1.ufrrj.br\/petsi\/wp-content\/uploads\/2020\/06\/WhatsApp-Image-2020-06-12-at-17.51.00.jpeg\" width=\"498\" height=\"428\" srcset=\"https:\/\/r1.ufrrj.br\/petsi\/wp-content\/uploads\/2020\/06\/WhatsApp-Image-2020-06-12-at-17.51.00.jpeg 498w, https:\/\/r1.ufrrj.br\/petsi\/wp-content\/uploads\/2020\/06\/WhatsApp-Image-2020-06-12-at-17.51.00-300x257.jpeg 300w\" sizes=\"(max-width: 498px) 100vw, 498px\" \/><\/a><\/p>\n","protected":false},"excerpt":{"rendered":"<p>O logo do grupo PET-SI da UFRRJ foi atualizado como se estivesse vestindo uma ma\u0301scara. O novo logo busca trazer empatia, solidariedade e respeito com o p\u00fablico e ressalta que as m\u00e1scaras representam um m\u00e9todo importante de preven\u00e7\u00e3o ao novo\u00a0coronavi\u0301rus. O texto PET-SI tamb\u00e9m tem novo espa\u00e7amento, indicando a import\u00e2ncia do espa\u00e7amento social. O novo [&hellip;]<\/p>\n","protected":false},"author":3,"featured_media":3791,"comment_status":"closed","ping_status":"closed","sticky":false,"template":"","format":"standard","meta":[],"categories":[1],"tags":[],"_links":{"self":[{"href":"https:\/\/r1.ufrrj.br\/petsi\/index.php?rest_route=\/wp\/v2\/posts\/3790"}],"collection":[{"href":"https:\/\/r1.ufrrj.br\/petsi\/index.php?rest_route=\/wp\/v2\/posts"}],"about":[{"href":"https:\/\/r1.ufrrj.br\/petsi\/index.php?rest_route=\/wp\/v2\/types\/post"}],"author":[{"embeddable":true,"href":"https:\/\/r1.ufrrj.br\/petsi\/index.php?rest_route=\/wp\/v2\/users\/3"}],"replies":[{"embeddable":true,"href":"https:\/\/r1.ufrrj.br\/petsi\/index.php?rest_route=%2Fwp%2Fv2%2Fcomments&post=3790"}],"version-history":[{"count":1,"href":"https:\/\/r1.ufrrj.br\/petsi\/index.php?rest_route=\/wp\/v2\/posts\/3790\/revisions"}],"predecessor-version":[{"id":3792,"href":"https:\/\/r1.ufrrj.br\/petsi\/index.php?rest_route=\/wp\/v2\/posts\/3790\/revisions\/3792"}],"wp:featuredmedia":[{"embeddable":true,"href":"https:\/\/r1.ufrrj.br\/petsi\/index.php?rest_route=\/wp\/v2\/media\/3791"}],"wp:attachment":[{"href":"https:\/\/r1.ufrrj.br\/petsi\/index.php?rest_route=%2Fwp%2Fv2%2Fmedia&parent=3790"}],"wp:term":[{"taxonomy":"category","embeddable":true,"href":"https:\/\/r1.ufrrj.br\/petsi\/index.php?rest_route=%2Fwp%2Fv2%2Fcategories&post=3790"},{"taxonomy":"post_tag","embeddable":true,"href":"https:\/\/r1.ufrrj.br\/petsi\/index.php?rest_route=%2Fwp%2Fv2%2Ftags&post=3790"}],"curies":[{"name":"wp","href":"https:\/\/api.w.org\/{rel}","templated":true}]}}