{"id":3767,"date":"2020-05-26T20:54:48","date_gmt":"2020-05-26T20:54:48","guid":{"rendered":"http:\/\/r1.ufrrj.br\/petsi\/?p=3767"},"modified":"2020-05-26T20:54:48","modified_gmt":"2020-05-26T20:54:48","slug":"genomicweek-do-genoma-ao-microbioma","status":"publish","type":"post","link":"https:\/\/r1.ufrrj.br\/petsi\/?p=3767","title":{"rendered":"#GenomicWeek : do genoma ao microbioma"},"content":{"rendered":"<p>Durante o curso &#8220;#GenomicWeek: do genoma ao microbioma&#8221;, os alunos selecionados ter\u00e3o aulas com os conceitos e descobertas mais recentes sobre genomas e microbiomas, contribuindo assim na sua forma\u00e7\u00e3o e\/ou atualiza\u00e7\u00e3o, fornecendo subs\u00eddios sobre as aplica\u00e7\u00f5es destas tecnologias nas suas \u00e1reas de atua\u00e7\u00e3o.<\/p>\n<p>O p\u00fablico-alvo do curso s\u00e3o profissionais com gradua\u00e7\u00e3o completa, que atuem na \u00e1rea de educa\u00e7\u00e3o (professores do Ensino M\u00e9dio e Superior), sa\u00fade (cl\u00ednica m\u00e9dica, geneticistas, infectologistas, oncologistas, etc) ou comunica\u00e7\u00e3o social (m\u00eddias tradicionais e\/ou digitais) com interesse nas \u00e1reas de genoma e microbioma com \u00eanfase na divulga\u00e7\u00e3o cient\u00edfica das mesmas.<\/p>\n<p>O evento ocorrer\u00e1 de 25 a 28 de agosto de 2020, fique atento \u00e0s datas de inscri\u00e7\u00e3o!<\/p>\n<p>Confira mais informa\u00e7\u00f5es no link abaixo:<\/p>\n<p><a href=\"https:\/\/campusvirtual.fiocruz.br\/gestordecursos\/hotsite\/GenomicWeek\" target=\"_blank\">https:\/\/campusvirtual.fiocruz.br\/gestordecursos\/hotsite\/GenomicWeek<\/a><\/p>\n","protected":false},"excerpt":{"rendered":"<p>Durante o curso &#8220;#GenomicWeek: do genoma ao microbioma&#8221;, os alunos selecionados ter\u00e3o aulas com os conceitos e descobertas mais recentes sobre genomas e microbiomas, contribuindo assim na sua forma\u00e7\u00e3o e\/ou atualiza\u00e7\u00e3o, fornecendo subs\u00eddios sobre as aplica\u00e7\u00f5es destas tecnologias nas suas \u00e1reas de atua\u00e7\u00e3o. O p\u00fablico-alvo do curso s\u00e3o profissionais com gradua\u00e7\u00e3o completa, que atuem na [&hellip;]<\/p>\n","protected":false},"author":3,"featured_media":3768,"comment_status":"closed","ping_status":"closed","sticky":false,"template":"","format":"standard","meta":[],"categories":[1],"tags":[],"_links":{"self":[{"href":"https:\/\/r1.ufrrj.br\/petsi\/index.php?rest_route=\/wp\/v2\/posts\/3767"}],"collection":[{"href":"https:\/\/r1.ufrrj.br\/petsi\/index.php?rest_route=\/wp\/v2\/posts"}],"about":[{"href":"https:\/\/r1.ufrrj.br\/petsi\/index.php?rest_route=\/wp\/v2\/types\/post"}],"author":[{"embeddable":true,"href":"https:\/\/r1.ufrrj.br\/petsi\/index.php?rest_route=\/wp\/v2\/users\/3"}],"replies":[{"embeddable":true,"href":"https:\/\/r1.ufrrj.br\/petsi\/index.php?rest_route=%2Fwp%2Fv2%2Fcomments&post=3767"}],"version-history":[{"count":6,"href":"https:\/\/r1.ufrrj.br\/petsi\/index.php?rest_route=\/wp\/v2\/posts\/3767\/revisions"}],"predecessor-version":[{"id":3774,"href":"https:\/\/r1.ufrrj.br\/petsi\/index.php?rest_route=\/wp\/v2\/posts\/3767\/revisions\/3774"}],"wp:featuredmedia":[{"embeddable":true,"href":"https:\/\/r1.ufrrj.br\/petsi\/index.php?rest_route=\/wp\/v2\/media\/3768"}],"wp:attachment":[{"href":"https:\/\/r1.ufrrj.br\/petsi\/index.php?rest_route=%2Fwp%2Fv2%2Fmedia&parent=3767"}],"wp:term":[{"taxonomy":"category","embeddable":true,"href":"https:\/\/r1.ufrrj.br\/petsi\/index.php?rest_route=%2Fwp%2Fv2%2Fcategories&post=3767"},{"taxonomy":"post_tag","embeddable":true,"href":"https:\/\/r1.ufrrj.br\/petsi\/index.php?rest_route=%2Fwp%2Fv2%2Ftags&post=3767"}],"curies":[{"name":"wp","href":"https:\/\/api.w.org\/{rel}","templated":true}]}}