{"id":3668,"date":"2020-04-13T16:41:10","date_gmt":"2020-04-13T16:41:10","guid":{"rendered":"http:\/\/r1.ufrrj.br\/petsi\/?p=3668"},"modified":"2020-04-20T00:45:56","modified_gmt":"2020-04-20T00:45:56","slug":"falando-sobre-covid-19-e-a-sua-saude-2","status":"publish","type":"post","link":"https:\/\/r1.ufrrj.br\/petsi\/?p=3668","title":{"rendered":"Falando sobre COVID-19 e a sua sa\u00fade"},"content":{"rendered":"<p>O novo corona v\u00edrus causa a S\u00edndrome Respirat\u00f3ria Aguda Grave (SRAG).\u00a0 Esta doen\u00e7a causa febre e tosse seca, dores no corpo e na garganta, e em alguns casos sintomas respirat\u00f3rios progressivos.<\/p>\n<p>O esperado \u00e9 que a maioria das pessoas que seja infectado apresente sintomas leves ou mesmo nenhum sintoma grave.<br \/>\nAlgumas pessoas ser\u00e3o hospitalizadas e outros precisar\u00e3o receber assist\u00eancia maior, com necessidade de serem transferidos para a UTI (Unidade de Tratamento Intensivo).<\/p>\n<p>A situa\u00e7\u00e3o ideal \u00e9 que as medidas preventivas, como a quarentena, consigam fazer com que o menor n\u00famero de pessoas sejam infectadas ao mesmo tempo. Desta forma ter\u00edamos um reduzido n\u00famero de pessoas precisando de atendimento hospitalar e interna\u00e7\u00f5es.\u00a0 Por isso que existe a orienta\u00e7\u00e3o para voc\u00ea e sua fam\u00edlia ficarem em casa atendendo \u00e0 quarentena. Isto deve ser seguido com toda aten\u00e7\u00e3o.<\/p>\n<p>\u00c9 fundamental esclarecer que os pacientes cr\u00f4nicos devem continuar usando suas medica\u00e7\u00f5es regularmente. E, quando necess\u00e1rio DEVEM PROCURAR SIM a assist\u00eancia m\u00e9dica quando perceberem que houve piora da\u00a0 sua condi\u00e7\u00e3o de sa\u00fade.<\/p>\n<p>Dr Renato Cerceau &#8211; m\u00e9dico<\/p>\n<p><a href=\"http:\/\/r1.ufrrj.br\/petsi\/wp-content\/uploads\/2020\/04\/\u00edndice.jpg\"><img decoding=\"async\" loading=\"lazy\" class=\"aligncenter size-full wp-image-3658\" alt=\"\u00edndice\" src=\"http:\/\/r1.ufrrj.br\/petsi\/wp-content\/uploads\/2020\/04\/\u00edndice.jpg\" width=\"696\" height=\"799\" srcset=\"https:\/\/r1.ufrrj.br\/petsi\/wp-content\/uploads\/2020\/04\/\u00edndice.jpg 696w, https:\/\/r1.ufrrj.br\/petsi\/wp-content\/uploads\/2020\/04\/\u00edndice-261x300.jpg 261w\" sizes=\"(max-width: 696px) 100vw, 696px\" \/><\/a><a href=\"http:\/\/r1.ufrrj.br\/petsi\/wp-content\/uploads\/2020\/04\/covidd.jpg\"><br \/>\n<\/a><\/p>\n","protected":false},"excerpt":{"rendered":"<p>O novo corona v\u00edrus causa a S\u00edndrome Respirat\u00f3ria Aguda Grave (SRAG).\u00a0 Esta doen\u00e7a causa febre e tosse seca, dores no corpo e na garganta, e em alguns casos sintomas respirat\u00f3rios progressivos. O esperado \u00e9 que a maioria das pessoas que seja infectado apresente sintomas leves ou mesmo nenhum sintoma grave. Algumas pessoas ser\u00e3o hospitalizadas e [&hellip;]<\/p>\n","protected":false},"author":3,"featured_media":0,"comment_status":"closed","ping_status":"closed","sticky":false,"template":"","format":"standard","meta":[],"categories":[1],"tags":[],"_links":{"self":[{"href":"https:\/\/r1.ufrrj.br\/petsi\/index.php?rest_route=\/wp\/v2\/posts\/3668"}],"collection":[{"href":"https:\/\/r1.ufrrj.br\/petsi\/index.php?rest_route=\/wp\/v2\/posts"}],"about":[{"href":"https:\/\/r1.ufrrj.br\/petsi\/index.php?rest_route=\/wp\/v2\/types\/post"}],"author":[{"embeddable":true,"href":"https:\/\/r1.ufrrj.br\/petsi\/index.php?rest_route=\/wp\/v2\/users\/3"}],"replies":[{"embeddable":true,"href":"https:\/\/r1.ufrrj.br\/petsi\/index.php?rest_route=%2Fwp%2Fv2%2Fcomments&post=3668"}],"version-history":[{"count":5,"href":"https:\/\/r1.ufrrj.br\/petsi\/index.php?rest_route=\/wp\/v2\/posts\/3668\/revisions"}],"predecessor-version":[{"id":3670,"href":"https:\/\/r1.ufrrj.br\/petsi\/index.php?rest_route=\/wp\/v2\/posts\/3668\/revisions\/3670"}],"wp:attachment":[{"href":"https:\/\/r1.ufrrj.br\/petsi\/index.php?rest_route=%2Fwp%2Fv2%2Fmedia&parent=3668"}],"wp:term":[{"taxonomy":"category","embeddable":true,"href":"https:\/\/r1.ufrrj.br\/petsi\/index.php?rest_route=%2Fwp%2Fv2%2Fcategories&post=3668"},{"taxonomy":"post_tag","embeddable":true,"href":"https:\/\/r1.ufrrj.br\/petsi\/index.php?rest_route=%2Fwp%2Fv2%2Ftags&post=3668"}],"curies":[{"name":"wp","href":"https:\/\/api.w.org\/{rel}","templated":true}]}}