{"id":3525,"date":"2019-10-07T18:19:43","date_gmt":"2019-10-07T18:19:43","guid":{"rendered":"http:\/\/r1.ufrrj.br\/petsi\/?p=3525"},"modified":"2019-10-07T18:19:43","modified_gmt":"2019-10-07T18:19:43","slug":"pet-si-marca-presenca-na-ii-semana-de-agroecologia-do-ctur","status":"publish","type":"post","link":"https:\/\/r1.ufrrj.br\/petsi\/?p=3525","title":{"rendered":"PET-SI marca presen\u00e7a na II Semana de Agroecologia do CTUR"},"content":{"rendered":"<p>Na sexta-feira do dia 04\/10\/2019 o grupo PET-SI esteve presente na II Semana de Agroecologia do Col\u00e9gio T\u00e9cnico da Universidade Rural, levando o evento Genomic Day que contou com a apresenta\u00e7\u00e3o de boas vindas do tutor S\u00e9rgio Serra e do professor Marden Marques, seguido da palestra do professor doutor do IQ\/UFRRJ Marcelo Lima sobre a import\u00e2ncia da mol\u00e9cula de DNA em nossas vidas.<\/p>\n<p>Logo ap\u00f3s tivemos uma palestra sobre gen\u00e9tica nas orqu\u00eddeas em sequ\u00eancia houve uma aplica\u00e7\u00e3o pr\u00e1tica de poliniza\u00e7\u00e3o; o tutor seguiu apresentando sobre biologia molecular, computa\u00e7\u00e3o e agricultura 4.0. No encerramento do evento tivemos uma emocionante homenagem ao professor Marden feita pelos alunos do CTUR, al\u00e9m de sorteios de orqu\u00eddeas e canecas personalizadas.<\/p>\n<div id=\"attachment_3524\" style=\"width: 310px\" class=\"wp-caption aligncenter\"><a href=\"http:\/\/r1.ufrrj.br\/petsi\/wp-content\/uploads\/2019\/10\/turma-genomic.jpg\"><img aria-describedby=\"caption-attachment-3524\" decoding=\"async\" loading=\"lazy\" class=\"size-medium wp-image-3524\" alt=\"Alunos e professores do CTUR, juntamente com o PET-SI, durante o Genomic Day.\" src=\"http:\/\/r1.ufrrj.br\/petsi\/wp-content\/uploads\/2019\/10\/turma-genomic-300x145.jpg\" width=\"300\" height=\"145\" srcset=\"https:\/\/r1.ufrrj.br\/petsi\/wp-content\/uploads\/2019\/10\/turma-genomic-300x145.jpg 300w, https:\/\/r1.ufrrj.br\/petsi\/wp-content\/uploads\/2019\/10\/turma-genomic-1024x498.jpg 1024w, https:\/\/r1.ufrrj.br\/petsi\/wp-content\/uploads\/2019\/10\/turma-genomic.jpg 1110w\" sizes=\"(max-width: 300px) 100vw, 300px\" \/><\/a><p id=\"caption-attachment-3524\" class=\"wp-caption-text\">Alunos e professores do CTUR, juntamente com o PET-SI, durante o Genomic Day.<\/p><\/div>\n<div id=\"attachment_3523\" style=\"width: 310px\" class=\"wp-caption aligncenter\"><a href=\"http:\/\/r1.ufrrj.br\/petsi\/wp-content\/uploads\/2019\/10\/petianos-genomic.jpg\"><img aria-describedby=\"caption-attachment-3523\" decoding=\"async\" loading=\"lazy\" class=\"size-medium wp-image-3523\" alt=\"PET-SI no Genomic Day.\" src=\"http:\/\/r1.ufrrj.br\/petsi\/wp-content\/uploads\/2019\/10\/petianos-genomic-300x145.jpg\" width=\"300\" height=\"145\" srcset=\"https:\/\/r1.ufrrj.br\/petsi\/wp-content\/uploads\/2019\/10\/petianos-genomic-300x145.jpg 300w, https:\/\/r1.ufrrj.br\/petsi\/wp-content\/uploads\/2019\/10\/petianos-genomic-1024x498.jpg 1024w, https:\/\/r1.ufrrj.br\/petsi\/wp-content\/uploads\/2019\/10\/petianos-genomic.jpg 1110w\" sizes=\"(max-width: 300px) 100vw, 300px\" \/><\/a><p id=\"caption-attachment-3523\" class=\"wp-caption-text\">PET-SI no Genomic Day.<\/p><\/div>\n<p>&nbsp;<\/p>\n","protected":false},"excerpt":{"rendered":"<p>Na sexta-feira do dia 04\/10\/2019 o grupo PET-SI esteve presente na II Semana de Agroecologia do Col\u00e9gio T\u00e9cnico da Universidade Rural, levando o evento Genomic Day que contou com a apresenta\u00e7\u00e3o de boas vindas do tutor S\u00e9rgio Serra e do professor Marden Marques, seguido da palestra do professor doutor do IQ\/UFRRJ Marcelo Lima sobre a [&hellip;]<\/p>\n","protected":false},"author":3,"featured_media":3523,"comment_status":"closed","ping_status":"closed","sticky":false,"template":"","format":"standard","meta":[],"categories":[1],"tags":[],"_links":{"self":[{"href":"https:\/\/r1.ufrrj.br\/petsi\/index.php?rest_route=\/wp\/v2\/posts\/3525"}],"collection":[{"href":"https:\/\/r1.ufrrj.br\/petsi\/index.php?rest_route=\/wp\/v2\/posts"}],"about":[{"href":"https:\/\/r1.ufrrj.br\/petsi\/index.php?rest_route=\/wp\/v2\/types\/post"}],"author":[{"embeddable":true,"href":"https:\/\/r1.ufrrj.br\/petsi\/index.php?rest_route=\/wp\/v2\/users\/3"}],"replies":[{"embeddable":true,"href":"https:\/\/r1.ufrrj.br\/petsi\/index.php?rest_route=%2Fwp%2Fv2%2Fcomments&post=3525"}],"version-history":[{"count":12,"href":"https:\/\/r1.ufrrj.br\/petsi\/index.php?rest_route=\/wp\/v2\/posts\/3525\/revisions"}],"predecessor-version":[{"id":3537,"href":"https:\/\/r1.ufrrj.br\/petsi\/index.php?rest_route=\/wp\/v2\/posts\/3525\/revisions\/3537"}],"wp:featuredmedia":[{"embeddable":true,"href":"https:\/\/r1.ufrrj.br\/petsi\/index.php?rest_route=\/wp\/v2\/media\/3523"}],"wp:attachment":[{"href":"https:\/\/r1.ufrrj.br\/petsi\/index.php?rest_route=%2Fwp%2Fv2%2Fmedia&parent=3525"}],"wp:term":[{"taxonomy":"category","embeddable":true,"href":"https:\/\/r1.ufrrj.br\/petsi\/index.php?rest_route=%2Fwp%2Fv2%2Fcategories&post=3525"},{"taxonomy":"post_tag","embeddable":true,"href":"https:\/\/r1.ufrrj.br\/petsi\/index.php?rest_route=%2Fwp%2Fv2%2Ftags&post=3525"}],"curies":[{"name":"wp","href":"https:\/\/api.w.org\/{rel}","templated":true}]}}