{"id":3455,"date":"2019-05-23T21:46:01","date_gmt":"2019-05-23T21:46:01","guid":{"rendered":"http:\/\/r1.ufrrj.br\/petsi\/?p=3455"},"modified":"2019-05-23T21:49:18","modified_gmt":"2019-05-23T21:49:18","slug":"pet-si-retorna-ao-municipio-de-mage-para-mais-uma-reuniao","status":"publish","type":"post","link":"https:\/\/r1.ufrrj.br\/petsi\/?p=3455","title":{"rendered":"PET-SI retorna ao munic\u00edpio de Mag\u00e9 para mais uma reuni\u00e3o"},"content":{"rendered":"<p>No dia <strong>19 de maio<\/strong>, o PET-SI, representado pela petiana <strong>Larissa Paiva<\/strong> e pelo tutor <strong>Sergio Serra<\/strong>, foram a Mag\u00e9 para a realiza\u00e7\u00e3o de mais uma reuni\u00e3o do projeto <strong>Mag\u00e9 AgroFamiliar<\/strong>.<br \/>\nA reuni\u00e3o realizada na <strong>Cooperativa de Pequenos Produtores Rurais e Agricultores Familiares (COPAG\u00c9)<\/strong>, teve por objetivo apresentar as melhorias e altera\u00e7\u00f5es solicitadas no software apresentado em dezembro de 2018. Al\u00e9m disso, tamb\u00e9m foi apresentada a evolu\u00e7\u00e3o do aplicativo, que j\u00e1 se apresenta com principais fun\u00e7\u00f5es implementadas.<br \/>\nDurante a reuni\u00e3o os agricultores e representantes da Emater puderam tirar d\u00favidas sobre o funcionamento da aplica\u00e7\u00e3o, e esclarecer d\u00favidas de requisitos do sistema. Ademais, as partes interessadas tamb\u00e9m indicaram novas funcionalidades para serem implementadas no sistema.<br \/>\nA pr\u00f3xima reuni\u00e3o foi marcada para o dia <strong>18 de agosto de 2019<\/strong>. O objetivo \u00e9 levar o software finalizado, j\u00e1 na loja do PET-SI para a realiza\u00e7\u00e3o de testes.<br \/>\nO PET-SI agradece a professora<strong> Ana Vieira<\/strong>, professora de <strong>Farmacobot\u00e2nica<\/strong> da<strong> UFRJ<\/strong> por promover mais um encontro, e principalmente \u00e0 todos agricultores familiares e envolvidos, por promoverem uma recep\u00e7\u00e3o calorosa ao PET-SI.<br \/>\n<center><br \/>\n<span style=\"color: #888888;\"> <img decoding=\"async\" loading=\"lazy\" class=\"size-medium wp-image-3457\" alt=\"mage1\" src=\"http:\/\/r1.ufrrj.br\/petsi\/wp-content\/uploads\/2019\/05\/mage2-300x199.jpeg\" width=\"300\" height=\"199\" \/><\/span><center><\/p>\n","protected":false},"excerpt":{"rendered":"<p>No dia 19 de maio, o PET-SI, representado pela petiana Larissa Paiva e pelo tutor Sergio Serra, foram a Mag\u00e9 para a realiza\u00e7\u00e3o de mais uma reuni\u00e3o do projeto Mag\u00e9 AgroFamiliar. A reuni\u00e3o realizada na Cooperativa de Pequenos Produtores Rurais e Agricultores Familiares (COPAG\u00c9), teve por objetivo apresentar as melhorias e altera\u00e7\u00f5es solicitadas no software [&hellip;]<\/p>\n","protected":false},"author":3,"featured_media":3459,"comment_status":"closed","ping_status":"closed","sticky":false,"template":"","format":"standard","meta":[],"categories":[7,9,6],"tags":[],"_links":{"self":[{"href":"https:\/\/r1.ufrrj.br\/petsi\/index.php?rest_route=\/wp\/v2\/posts\/3455"}],"collection":[{"href":"https:\/\/r1.ufrrj.br\/petsi\/index.php?rest_route=\/wp\/v2\/posts"}],"about":[{"href":"https:\/\/r1.ufrrj.br\/petsi\/index.php?rest_route=\/wp\/v2\/types\/post"}],"author":[{"embeddable":true,"href":"https:\/\/r1.ufrrj.br\/petsi\/index.php?rest_route=\/wp\/v2\/users\/3"}],"replies":[{"embeddable":true,"href":"https:\/\/r1.ufrrj.br\/petsi\/index.php?rest_route=%2Fwp%2Fv2%2Fcomments&post=3455"}],"version-history":[{"count":7,"href":"https:\/\/r1.ufrrj.br\/petsi\/index.php?rest_route=\/wp\/v2\/posts\/3455\/revisions"}],"predecessor-version":[{"id":3465,"href":"https:\/\/r1.ufrrj.br\/petsi\/index.php?rest_route=\/wp\/v2\/posts\/3455\/revisions\/3465"}],"wp:featuredmedia":[{"embeddable":true,"href":"https:\/\/r1.ufrrj.br\/petsi\/index.php?rest_route=\/wp\/v2\/media\/3459"}],"wp:attachment":[{"href":"https:\/\/r1.ufrrj.br\/petsi\/index.php?rest_route=%2Fwp%2Fv2%2Fmedia&parent=3455"}],"wp:term":[{"taxonomy":"category","embeddable":true,"href":"https:\/\/r1.ufrrj.br\/petsi\/index.php?rest_route=%2Fwp%2Fv2%2Fcategories&post=3455"},{"taxonomy":"post_tag","embeddable":true,"href":"https:\/\/r1.ufrrj.br\/petsi\/index.php?rest_route=%2Fwp%2Fv2%2Ftags&post=3455"}],"curies":[{"name":"wp","href":"https:\/\/api.w.org\/{rel}","templated":true}]}}