{"id":3379,"date":"2019-01-01T00:18:32","date_gmt":"2019-01-01T00:18:32","guid":{"rendered":"http:\/\/r1.ufrrj.br\/petsi\/?p=3379"},"modified":"2019-01-01T00:18:32","modified_gmt":"2019-01-01T00:18:32","slug":"pet-si-retorna-a-mage-no-final-de-2018","status":"publish","type":"post","link":"https:\/\/r1.ufrrj.br\/petsi\/?p=3379","title":{"rendered":"PET-SI retorna \u00e0 Mag\u00e9 no final de 2018"},"content":{"rendered":"<p>No domingo, dia<strong>\u00a009 de dezembro,<\/strong>\u00a0a petiana\u00a0<strong>Larissa Paiva<\/strong>\u00a0e o tutor<strong>\u00a0Sergio Serra<\/strong>, retornaram\u00a0no munic\u00edpio de<strong>\u00a0Mag\u00e9,<\/strong>\u00a0para realizar mais uma reuni\u00e3o com os pequenos agricultores da cidade, com representantes da\u00a0Emater e com representantes da Secretaria Municipal de Agricultura Sustent\u00e1vel.<\/p>\n<p>O projeto <strong>Mag\u00e9 AgroFamiliar<\/strong> foi inicialmente dividido em duas etapas. A primeira era desenvolver a parte administrativa, que ser\u00e1 alimentada com os dados das produ\u00e7\u00f5es, e que ir\u00e1 fornecer as informa\u00e7\u00f5es para o aplicativo. A segunda etapa \u00e9 desenvolver o aplicativo que ser\u00e1 disponibilizado em sistemas Android.<\/p>\n<p>O objetivo da reuni\u00e3o foi apresentar a primeira etapa do projeto, que foi desenvolvida entre setembro e dezembro de 2018. Durante e ap\u00f3s a apresenta\u00e7\u00e3o, as partes interessadas no projeto (agricultores e representantes) interagiram bastante, sugerindo altera\u00e7\u00f5es e dando sugest\u00f5es no que fazer futuramente no software.<\/p>\n<p>A pr\u00f3xima reuni\u00e3o foi marcada para o dia<strong> 14 de abril de 2019<\/strong>. A finalidade \u00e9 levar a segunda fase do projeto pronta, com o aplicativo j\u00e1 dispon\u00edvel para testes.<\/p>\n<p>O PET-SI agradece a professora\u00a0<strong>Ana Vieira<\/strong>, professora de Farmacobot\u00e2nica da\u00a0<strong>UFRJ<\/strong>\u00a0por promover mais um encontro, e principalmente \u00e0 todos agricultores familiares e envolvidos, por promoverem uma recep\u00e7\u00e3o calorosa ao PET-SI.<\/p>\n","protected":false},"excerpt":{"rendered":"<p>No domingo, dia\u00a009 de dezembro,\u00a0a petiana\u00a0Larissa Paiva\u00a0e o tutor\u00a0Sergio Serra, retornaram\u00a0no munic\u00edpio de\u00a0Mag\u00e9,\u00a0para realizar mais uma reuni\u00e3o com os pequenos agricultores da cidade, com representantes da\u00a0Emater e com representantes da Secretaria Municipal de Agricultura Sustent\u00e1vel. O projeto Mag\u00e9 AgroFamiliar foi inicialmente dividido em duas etapas. A primeira era desenvolver a parte administrativa, que ser\u00e1 alimentada [&hellip;]<\/p>\n","protected":false},"author":3,"featured_media":0,"comment_status":"closed","ping_status":"closed","sticky":false,"template":"","format":"standard","meta":[],"categories":[7,9,6],"tags":[],"_links":{"self":[{"href":"https:\/\/r1.ufrrj.br\/petsi\/index.php?rest_route=\/wp\/v2\/posts\/3379"}],"collection":[{"href":"https:\/\/r1.ufrrj.br\/petsi\/index.php?rest_route=\/wp\/v2\/posts"}],"about":[{"href":"https:\/\/r1.ufrrj.br\/petsi\/index.php?rest_route=\/wp\/v2\/types\/post"}],"author":[{"embeddable":true,"href":"https:\/\/r1.ufrrj.br\/petsi\/index.php?rest_route=\/wp\/v2\/users\/3"}],"replies":[{"embeddable":true,"href":"https:\/\/r1.ufrrj.br\/petsi\/index.php?rest_route=%2Fwp%2Fv2%2Fcomments&post=3379"}],"version-history":[{"count":2,"href":"https:\/\/r1.ufrrj.br\/petsi\/index.php?rest_route=\/wp\/v2\/posts\/3379\/revisions"}],"predecessor-version":[{"id":3381,"href":"https:\/\/r1.ufrrj.br\/petsi\/index.php?rest_route=\/wp\/v2\/posts\/3379\/revisions\/3381"}],"wp:attachment":[{"href":"https:\/\/r1.ufrrj.br\/petsi\/index.php?rest_route=%2Fwp%2Fv2%2Fmedia&parent=3379"}],"wp:term":[{"taxonomy":"category","embeddable":true,"href":"https:\/\/r1.ufrrj.br\/petsi\/index.php?rest_route=%2Fwp%2Fv2%2Fcategories&post=3379"},{"taxonomy":"post_tag","embeddable":true,"href":"https:\/\/r1.ufrrj.br\/petsi\/index.php?rest_route=%2Fwp%2Fv2%2Ftags&post=3379"}],"curies":[{"name":"wp","href":"https:\/\/api.w.org\/{rel}","templated":true}]}}