{"id":3143,"date":"2018-05-15T00:25:03","date_gmt":"2018-05-15T00:25:03","guid":{"rendered":"http:\/\/r1.ufrrj.br\/petsi\/?p=3143"},"modified":"2018-05-15T00:25:29","modified_gmt":"2018-05-15T00:25:29","slug":"pet-si-apresenta-trabalho-no-sudestepet2018","status":"publish","type":"post","link":"https:\/\/r1.ufrrj.br\/petsi\/?p=3143","title":{"rendered":"PET-SI apresenta trabalho no SUDESTEPET2018"},"content":{"rendered":"<p>O PET-SI da UFRRJ manteve a tradi\u00e7\u00e3o de apresentar trabalhos da tr\u00edade ensino-pesquisa-extens\u00e3o em eventos petianos. Nesta ocasi\u00e3o o PET-SI , atrav\u00e9s do petiano\u00a0<b>Matheus Feijo\u00f3<\/b>\u00a0marcaram presen\u00e7a no XVIII Encontro dos Grupos PET da Regi\u00e3o Sudeste &#8211;\u00a0<b>SudestePET\u00a0<\/b>que ocorreu durante os dias 28 de abril e 1\u00ba de maio de 2018 na UNESP (Universidade Estadual Paulista) na cidade de Jaboticabal no Estado de S\u00e3o Paulo.<\/p>\n<p>Esse ano, o trabalho apresentado foi o aplicativo, gratuito,\u00a0<b>\u201cX\u00d4 FEBRE AMARELA: JOGANDO E DIFUNDINDO INFORMA\u00c7\u00d5ES SOBRE A FEBRE AMARELA NA BAIXADA FLUMINENSE\u201d<\/b>\u00a0que foi concebido pelo PET-SI, o texto como autores os petianos\u00a0<b>Matheus Feijo\u00f3<\/b>,\u00a0<b>Sabrina de Oliveira<\/b>,\u00a0<b>Byanka Timoteo<\/b>,\u00a0<b>Leonardo Costa<\/b>\u00a0e o tutor\u00a0<b>Sergio Serra<\/b>.<\/p>\n<p style=\"text-align: center;\"><a href=\"http:\/\/r1.ufrrj.br\/petsi\/wp-content\/uploads\/2018\/05\/sadf.jpg\"><img decoding=\"async\" loading=\"lazy\" class=\"aligncenter  wp-image-3144\" alt=\"Apresenta\u00e7\u00e3o do trabalho\" src=\"http:\/\/r1.ufrrj.br\/petsi\/wp-content\/uploads\/2018\/05\/sadf-768x1024.jpg\" width=\"277\" height=\"368\" srcset=\"https:\/\/r1.ufrrj.br\/petsi\/wp-content\/uploads\/2018\/05\/sadf-768x1024.jpg 768w, https:\/\/r1.ufrrj.br\/petsi\/wp-content\/uploads\/2018\/05\/sadf-225x300.jpg 225w, https:\/\/r1.ufrrj.br\/petsi\/wp-content\/uploads\/2018\/05\/sadf.jpg 960w\" sizes=\"(max-width: 277px) 100vw, 277px\" \/><\/a><\/p>\n<p>Al\u00e9m disso, o PET-SI tamb\u00e9m compareceu a\u00a0<b>Reuni\u00e3o de Discentes<\/b>, onde foram discutidas v\u00e1rias quest\u00f5es a respeito do Programa de Educa\u00e7\u00e3o Tutorial que por sua vez tem o intuito de abordar diversos temas no qual atingem tanto os discentes quanto os docentes que fazem parte do programa.<\/p>\n<p>No dia seguinte foram propostos os\u00a0<b>Grupos de Discuss\u00e3o e Trabalho<\/b>\u00a0(GDT) que tem como objetivo reunir, discutir e trabalhar ideias para o aprimoramento do Programa, o petiano representante participou do GDT sobre Visibilidade e Reconhecimento PET onde foi discutido como o PET \u00e9 visto perante a sociedade, comunidade acad\u00eamica e o mercado de trabalho e al\u00e9m disso o reconhecimento entre os PETs.<\/p>\n<p style=\"text-align: center;\"><a href=\"http:\/\/r1.ufrrj.br\/petsi\/wp-content\/uploads\/2018\/05\/asdfsdf.jpg\"><img decoding=\"async\" loading=\"lazy\" class=\"wp-image-3145 aligncenter\" alt=\"Petianos da UFRRJ: Pet Veterin\u00e1ria, PET Hist\u00f3ria, PET Engenharia Florestal e PET Sistemas de Informa\u00e7\u00e3o\" src=\"http:\/\/r1.ufrrj.br\/petsi\/wp-content\/uploads\/2018\/05\/asdfsdf-1024x767.jpg\" width=\"491\" height=\"368\" srcset=\"https:\/\/r1.ufrrj.br\/petsi\/wp-content\/uploads\/2018\/05\/asdfsdf-1024x767.jpg 1024w, https:\/\/r1.ufrrj.br\/petsi\/wp-content\/uploads\/2018\/05\/asdfsdf-300x224.jpg 300w, https:\/\/r1.ufrrj.br\/petsi\/wp-content\/uploads\/2018\/05\/asdfsdf.jpg 1280w\" sizes=\"(max-width: 491px) 100vw, 491px\" \/><\/a><\/p>\n<p style=\"text-align: center;\">(Petianos da UFRRJ: Pet Veterin\u00e1ria, PET Hist\u00f3ria, PET Engenharia Florestal e PET Sistemas de Informa\u00e7\u00e3o)<\/p>\n","protected":false},"excerpt":{"rendered":"<p>O PET-SI da UFRRJ manteve a tradi\u00e7\u00e3o de apresentar trabalhos da tr\u00edade ensino-pesquisa-extens\u00e3o em eventos petianos. Nesta ocasi\u00e3o o PET-SI , atrav\u00e9s do petiano\u00a0Matheus Feijo\u00f3\u00a0marcaram presen\u00e7a no XVIII Encontro dos Grupos PET da Regi\u00e3o Sudeste &#8211;\u00a0SudestePET\u00a0que ocorreu durante os dias 28 de abril e 1\u00ba de maio de 2018 na UNESP (Universidade Estadual Paulista) na [&hellip;]<\/p>\n","protected":false},"author":3,"featured_media":0,"comment_status":"closed","ping_status":"closed","sticky":false,"template":"","format":"standard","meta":[],"categories":[1],"tags":[],"_links":{"self":[{"href":"https:\/\/r1.ufrrj.br\/petsi\/index.php?rest_route=\/wp\/v2\/posts\/3143"}],"collection":[{"href":"https:\/\/r1.ufrrj.br\/petsi\/index.php?rest_route=\/wp\/v2\/posts"}],"about":[{"href":"https:\/\/r1.ufrrj.br\/petsi\/index.php?rest_route=\/wp\/v2\/types\/post"}],"author":[{"embeddable":true,"href":"https:\/\/r1.ufrrj.br\/petsi\/index.php?rest_route=\/wp\/v2\/users\/3"}],"replies":[{"embeddable":true,"href":"https:\/\/r1.ufrrj.br\/petsi\/index.php?rest_route=%2Fwp%2Fv2%2Fcomments&post=3143"}],"version-history":[{"count":4,"href":"https:\/\/r1.ufrrj.br\/petsi\/index.php?rest_route=\/wp\/v2\/posts\/3143\/revisions"}],"predecessor-version":[{"id":3149,"href":"https:\/\/r1.ufrrj.br\/petsi\/index.php?rest_route=\/wp\/v2\/posts\/3143\/revisions\/3149"}],"wp:attachment":[{"href":"https:\/\/r1.ufrrj.br\/petsi\/index.php?rest_route=%2Fwp%2Fv2%2Fmedia&parent=3143"}],"wp:term":[{"taxonomy":"category","embeddable":true,"href":"https:\/\/r1.ufrrj.br\/petsi\/index.php?rest_route=%2Fwp%2Fv2%2Fcategories&post=3143"},{"taxonomy":"post_tag","embeddable":true,"href":"https:\/\/r1.ufrrj.br\/petsi\/index.php?rest_route=%2Fwp%2Fv2%2Ftags&post=3143"}],"curies":[{"name":"wp","href":"https:\/\/api.w.org\/{rel}","templated":true}]}}