{"id":3126,"date":"2018-04-10T13:12:25","date_gmt":"2018-04-10T13:12:25","guid":{"rendered":"http:\/\/r1.ufrrj.br\/petsi\/?p=3126"},"modified":"2018-04-10T13:13:20","modified_gmt":"2018-04-10T13:13:20","slug":"resultado-do-processo-seletivo-de-2018","status":"publish","type":"post","link":"https:\/\/r1.ufrrj.br\/petsi\/?p=3126","title":{"rendered":"Resultado do processo seletivo de 2018"},"content":{"rendered":"<p><span style=\"color: #616161;\"><span style=\"font-family: Arial;\"><span style=\"font-size: small;\">O processo seletivo de 2018 do PET, com entrevista realizada no dia 05 de Abril, foi bastante concorrido e todos os candidatos est\u00e3o de parab\u00e9ns. <\/span><\/span><\/span><\/p>\n<p><span style=\"color: #616161;\"><span style=\"font-family: Arial;\"><span style=\"font-size: small;\">Foram 7 alunos inscritos para participarem, no entanto 1 foi eliminado pois n\u00e3o obedecia aos requisitos do <\/span><\/span><\/span><span style=\"color: #616161;\"><span style=\"font-family: Arial;\"><span style=\"font-size: small;\">EDITAL N\u00b0005\/ PROGRAD\/2018\u00a0<\/span><\/span><\/span><span style=\"color: #616161;\"><span style=\"font-family: Arial;\"><span style=\"font-size: small;\">. O r<\/span><\/span><\/span><span style=\"color: #616161;\"><span style=\"font-family: Arial;\"><span style=\"font-size: small;\">anking de candidatos selecionados para o programa PET-SI da UFRRJ cont\u00e9m <\/span><\/span><\/span><span style=\"color: #616161;\"><span style=\"font-family: Arial;\"><span style=\"font-size: small;\">6<\/span><\/span><\/span><span style=\"color: #616161;\"><span style=\"font-family: Arial;\"><span style=\"font-size: small;\"> alunos do curso de S<\/span><\/span><\/span><span style=\"color: #616161;\"><span style=\"font-family: Arial;\"><span style=\"font-size: small;\">istemas de Informa\u00e7\u00e3o. <\/span><\/span><\/span><span style=\"color: #616161;\"><span style=\"font-family: Arial;\"><span style=\"font-size: small;\">No momento <\/span><\/span><\/span><span style=\"color: #616161;\"><span style=\"font-family: Arial;\"><span style=\"font-size: small;\">atual o PET-SI disponibiliza <\/span><\/span><\/span><span style=\"color: #616161;\"><span style=\"font-family: Arial;\"><span style=\"font-size: small;\">3 <\/span><\/span><\/span><span style=\"color: #616161;\"><span style=\"font-family: Arial;\"><span style=\"font-size: small;\">vagas para bolsistas e at\u00e9 6 para n\u00e3o bolsistas. <\/span><\/span><\/span><span style=\"color: #616161;\"><span style=\"font-family: Arial;\"><span style=\"font-size: small;\">. <\/span><\/span><\/span><\/p>\n<p><span style=\"color: #616161;\"><span style=\"font-family: Arial;\"><span style=\"font-size: small;\">Conforme a disponibilidade de bolsas o ranking geral indica a ordem de chamada para o preenchimento.<br \/>\nEm caso de desist\u00eancias seguiremos o ranking para poss\u00edvel aloca\u00e7\u00e3o de bolsas e substitui\u00e7\u00f5es.<\/span><\/span><\/span><\/p>\n<p><strong><span style=\"color: #616161;\"><span style=\"font-family: Arial;\"><span style=\"font-size: small;\">01 \u2013 <\/span><\/span><\/span><\/strong><strong><span style=\"color: #616161;\"><span style=\"font-family: Arial;\"><span style=\"font-size: small;\">Sidney Sampaio<\/span><\/span><\/span><\/strong><strong><span style=\"color: #616161;\"><span style=\"font-family: Arial;\"><span style=\"font-size: small;\"> \u2013 bolsista<\/span><\/span><\/span><\/strong><span style=\"color: #616161;\"><span style=\"font-family: Arial;\"><span style=\"font-size: small;\"><br \/>\n<\/span><\/span><\/span><strong><span style=\"color: #616161;\"><span style=\"font-family: Arial;\"><span style=\"font-size: small;\">02 \u2013 <\/span><\/span><\/span><\/strong><strong><span style=\"color: #616161;\"><span style=\"font-family: Arial;\"><span style=\"font-size: small;\">Camila Coelho<\/span><\/span><\/span><\/strong><strong><span style=\"color: #616161;\"><span style=\"font-family: Arial;\"><span style=\"font-size: small;\"> \u2013 bolsista<\/span><\/span><\/span><\/strong><span style=\"color: #616161;\"><span style=\"font-family: Arial;\"><span style=\"font-size: small;\"><br \/>\n<\/span><\/span><\/span><strong><span style=\"color: #616161;\"><span style=\"font-family: Arial;\"><span style=\"font-size: small;\">03 \u2013 <\/span><\/span><\/span><\/strong><strong><span style=\"color: #616161;\"><span style=\"font-family: Arial;\"><span style=\"font-size: small;\">Beatriz Saburido<\/span><\/span><\/span><\/strong><strong><span style=\"color: #616161;\"><span style=\"font-family: Arial;\"><span style=\"font-size: small;\">\u2013 bolsista<\/span><\/span><\/span><\/strong><\/p>\n<p><strong><span style=\"color: #616161;\"><span style=\"font-family: Arial;\"><span style=\"font-size: small;\">0<\/span><\/span><\/span><\/strong><strong><span style=\"color: #616161;\"><span style=\"font-family: Arial;\"><span style=\"font-size: small;\">4<\/span><\/span><\/span><\/strong><strong><span style=\"color: #616161;\"><span style=\"font-family: Arial;\"><span style=\"font-size: small;\"> \u2013 <\/span><\/span><\/span><\/strong><strong><span style=\"color: #616161;\"><span style=\"font-family: Arial;\"><span style=\"font-size: small;\">Alexia Duarte<\/span><\/span><\/span><\/strong><strong><span style=\"color: #616161;\"><span style=\"font-family: Arial;\"><span style=\"font-size: small;\"> \u2013 n\u00e3o-bolsista<br \/>\n05 \u2013 <\/span><\/span><\/span><\/strong><strong><span style=\"color: #616161;\"><span style=\"font-family: Arial;\"><span style=\"font-size: small;\">Guilherme Andrade<\/span><\/span><\/span><\/strong><strong><span style=\"color: #616161;\"><span style=\"font-family: Arial;\"><span style=\"font-size: small;\"> \u2013 n\u00e3o-bolsist<\/span><\/span><\/span><\/strong><strong><span style=\"color: #616161;\"><span style=\"font-family: Arial;\"><span style=\"font-size: small;\">a<\/span><\/span><\/span><\/strong><strong><span style=\"color: #616161;\"><span style=\"font-family: Arial;\"><span style=\"font-size: small;\"><br \/>\n<\/span><\/span><\/span><\/strong><strong><span style=\"color: #616161;\"><span style=\"font-family: Arial;\"><span style=\"font-size: small;\">06 \u2013 Klemer Monteiro \u2013 n\u00e3o-bolsista<\/span><\/span><\/span><\/strong><\/p>\n<p><span style=\"color: #616161;\"><span style=\"font-family: Arial;\"><span style=\"font-size: small;\">O PET-SI deseja boas vindas a todos os aprovados e agradece a participa\u00e7\u00e3o de todos os participantes.<\/span><\/span><\/span><\/p>\n","protected":false},"excerpt":{"rendered":"<p>O processo seletivo de 2018 do PET, com entrevista realizada no dia 05 de Abril, foi bastante concorrido e todos os candidatos est\u00e3o de parab\u00e9ns. Foram 7 alunos inscritos para participarem, no entanto 1 foi eliminado pois n\u00e3o obedecia aos requisitos do EDITAL N\u00b0005\/ PROGRAD\/2018\u00a0. O ranking de candidatos selecionados para o programa PET-SI da [&hellip;]<\/p>\n","protected":false},"author":3,"featured_media":0,"comment_status":"closed","ping_status":"closed","sticky":false,"template":"","format":"standard","meta":[],"categories":[1],"tags":[],"_links":{"self":[{"href":"https:\/\/r1.ufrrj.br\/petsi\/index.php?rest_route=\/wp\/v2\/posts\/3126"}],"collection":[{"href":"https:\/\/r1.ufrrj.br\/petsi\/index.php?rest_route=\/wp\/v2\/posts"}],"about":[{"href":"https:\/\/r1.ufrrj.br\/petsi\/index.php?rest_route=\/wp\/v2\/types\/post"}],"author":[{"embeddable":true,"href":"https:\/\/r1.ufrrj.br\/petsi\/index.php?rest_route=\/wp\/v2\/users\/3"}],"replies":[{"embeddable":true,"href":"https:\/\/r1.ufrrj.br\/petsi\/index.php?rest_route=%2Fwp%2Fv2%2Fcomments&post=3126"}],"version-history":[{"count":4,"href":"https:\/\/r1.ufrrj.br\/petsi\/index.php?rest_route=\/wp\/v2\/posts\/3126\/revisions"}],"predecessor-version":[{"id":3130,"href":"https:\/\/r1.ufrrj.br\/petsi\/index.php?rest_route=\/wp\/v2\/posts\/3126\/revisions\/3130"}],"wp:attachment":[{"href":"https:\/\/r1.ufrrj.br\/petsi\/index.php?rest_route=%2Fwp%2Fv2%2Fmedia&parent=3126"}],"wp:term":[{"taxonomy":"category","embeddable":true,"href":"https:\/\/r1.ufrrj.br\/petsi\/index.php?rest_route=%2Fwp%2Fv2%2Fcategories&post=3126"},{"taxonomy":"post_tag","embeddable":true,"href":"https:\/\/r1.ufrrj.br\/petsi\/index.php?rest_route=%2Fwp%2Fv2%2Ftags&post=3126"}],"curies":[{"name":"wp","href":"https:\/\/api.w.org\/{rel}","templated":true}]}}