{"id":3065,"date":"2018-02-22T21:01:25","date_gmt":"2018-02-22T21:01:25","guid":{"rendered":"http:\/\/r1.ufrrj.br\/petsi\/?p=3065"},"modified":"2018-02-22T21:01:25","modified_gmt":"2018-02-22T21:01:25","slug":"pet-si-tem-artigo-aceito-no-sudestepet-2018","status":"publish","type":"post","link":"https:\/\/r1.ufrrj.br\/petsi\/?p=3065","title":{"rendered":"PET-SI tem artigo aceito no SUDESTEPET 2018"},"content":{"rendered":"<p><img decoding=\"async\" loading=\"lazy\" src=\"http:\/\/r1.ufrrj.br\/petsi\/wp-content\/uploads\/2018\/02\/6-300x172.jpg\" alt=\"6\" width=\"300\" height=\"172\" class=\"aligncenter size-medium wp-image-3067\" srcset=\"https:\/\/r1.ufrrj.br\/petsi\/wp-content\/uploads\/2018\/02\/6-300x172.jpg 300w, https:\/\/r1.ufrrj.br\/petsi\/wp-content\/uploads\/2018\/02\/6-1024x589.jpg 1024w, https:\/\/r1.ufrrj.br\/petsi\/wp-content\/uploads\/2018\/02\/6.jpg 1196w\" sizes=\"(max-width: 300px) 100vw, 300px\" \/><\/p>\n<p>Os petianos <strong>Matheus Feijo\u00f3, Sabrina Santos, Leonardo da Costa e Byanka Timoteo<\/strong> juntamente com seu tutor <strong>Sergio Serra<\/strong>, tiveram um artigo aceito no <strong>SudestePET 2018<\/strong> que acontecer\u00e1 na FCAV-UNESP em Jaboticabal, S\u00e3o Paulo em abril de 2018.<\/p>\n<p>SudestePET \u00e9 um evento que tem como p\u00fablico-alvo a comunidade acad\u00eamica ligada ao Programa de Ensino Tutorial na regi\u00e3o Sudeste do Brasil. O PET-SI ser\u00e1 representado pelo petiano Matheus Feijo\u00f3 neste evento.<\/p>\n<p>O artigo intitulado <strong>\u201cX\u00f4 febre amarela: Jogando e difundindo informa\u00e7\u00f5es sobre a febre amarela na baixada fluminense\u201d<\/strong> teve como resultado uma aplica\u00e7\u00e3o m\u00f3vel que permite aos usu\u00e1rios participarem de um jogo no formato de perguntas e respostas a respeito da febre amarela, al\u00e9m disso, tamb\u00e9m \u00e9 poss\u00edvel que o usu\u00e1rio obtenha informa\u00e7\u00f5es sobre a doen\u00e7a, sobre postos de sa\u00fade que estejam distribuindo a vacina contra a febre amarela e ainda denunciar focos de mosquito a partir da plataforma Rural Contra Aedes criada por petianos do PET-SI.<\/p>\n","protected":false},"excerpt":{"rendered":"<p>Os petianos Matheus Feijo\u00f3, Sabrina Santos, Leonardo da Costa e Byanka Timoteo juntamente com seu tutor Sergio Serra, tiveram um artigo aceito no SudestePET 2018 que acontecer\u00e1 na FCAV-UNESP em Jaboticabal, S\u00e3o Paulo em abril de 2018. SudestePET \u00e9 um evento que tem como p\u00fablico-alvo a comunidade acad\u00eamica ligada ao Programa de Ensino Tutorial na [&hellip;]<\/p>\n","protected":false},"author":3,"featured_media":0,"comment_status":"closed","ping_status":"closed","sticky":false,"template":"","format":"standard","meta":[],"categories":[1],"tags":[],"_links":{"self":[{"href":"https:\/\/r1.ufrrj.br\/petsi\/index.php?rest_route=\/wp\/v2\/posts\/3065"}],"collection":[{"href":"https:\/\/r1.ufrrj.br\/petsi\/index.php?rest_route=\/wp\/v2\/posts"}],"about":[{"href":"https:\/\/r1.ufrrj.br\/petsi\/index.php?rest_route=\/wp\/v2\/types\/post"}],"author":[{"embeddable":true,"href":"https:\/\/r1.ufrrj.br\/petsi\/index.php?rest_route=\/wp\/v2\/users\/3"}],"replies":[{"embeddable":true,"href":"https:\/\/r1.ufrrj.br\/petsi\/index.php?rest_route=%2Fwp%2Fv2%2Fcomments&post=3065"}],"version-history":[{"count":1,"href":"https:\/\/r1.ufrrj.br\/petsi\/index.php?rest_route=\/wp\/v2\/posts\/3065\/revisions"}],"predecessor-version":[{"id":3068,"href":"https:\/\/r1.ufrrj.br\/petsi\/index.php?rest_route=\/wp\/v2\/posts\/3065\/revisions\/3068"}],"wp:attachment":[{"href":"https:\/\/r1.ufrrj.br\/petsi\/index.php?rest_route=%2Fwp%2Fv2%2Fmedia&parent=3065"}],"wp:term":[{"taxonomy":"category","embeddable":true,"href":"https:\/\/r1.ufrrj.br\/petsi\/index.php?rest_route=%2Fwp%2Fv2%2Fcategories&post=3065"},{"taxonomy":"post_tag","embeddable":true,"href":"https:\/\/r1.ufrrj.br\/petsi\/index.php?rest_route=%2Fwp%2Fv2%2Ftags&post=3065"}],"curies":[{"name":"wp","href":"https:\/\/api.w.org\/{rel}","templated":true}]}}