{"id":2708,"date":"2017-07-19T12:47:07","date_gmt":"2017-07-19T12:47:07","guid":{"rendered":"http:\/\/r1.ufrrj.br\/petsi\/?p=2708"},"modified":"2017-07-19T12:48:52","modified_gmt":"2017-07-19T12:48:52","slug":"pet-si-recebe-representantes-do-caronae","status":"publish","type":"post","link":"https:\/\/r1.ufrrj.br\/petsi\/?p=2708","title":{"rendered":"PET-SI Recebe Representantes do Carona\u00ea"},"content":{"rendered":"<p dir=\"ltr\">Na tarde do dia 12\/07, quarta feira, o PET-SI recebeu em sua sala no PAP os estudantes da UFRJ Manuel Meyer, Yuri Duarte e Rafael Damasceno(na foto), que s\u00e3o os criadores do aplicativo de carona mais famoso do meio universit\u00e1rio, o Carona\u00ea UFRJ.<\/p>\n<p dir=\"ltr\">Carona solid\u00e1ria \u00e9 uma realidade presente em quase todos os campus do Brasil, at\u00e9 mesmo em outros contextos. O conceito da carona solid\u00e1ria tamb\u00e9m pode ser explorado na Rural que carece de mecanismos eficientes de integra\u00e7\u00e3o. \u00c9 ai que o carona\u00ea surge, ele foi criado para suprir essa lacuna, realizando a ponte entre as pessoas, caronas e destinos. Apesar das vantagens de uma carona, \u00e9 preciso ter cuidado com quem se pega carona ou para quem se oferece, com isso o app tamb\u00e9m conta com um mecanismo de identifica\u00e7\u00e3o para garantir a seguran\u00e7a de quem pega carona.<\/p>\n<p dir=\"ltr\">O PET-SI firmou parceria com o grupo do Carona\u00ea UFRJ para trazer o app para o contexto da Rural e j\u00e1 na reuni\u00e3o foram discutidas formas de adaptar o app para a realidade do campus Serop\u00e9dica, de forma a criar uma extens\u00e3o do app.<\/p>\n<p dir=\"ltr\"><img decoding=\"async\" loading=\"lazy\" class=\"aligncenter\" tabindex=\"0\" alt=\"carona2.jpg\" src=\"https:\/\/lh3.googleusercontent.com\/Tc00gKTFzM-hg9ahA1JTbUyGntgcB2dYeW-qhP9tGR6dToFKVmlfy2p0wJcuMlDM81j3NpH3QT2VPKafA-PNG0QvfQHW92BlR94whgd2RiOZrAZTRRqARYuQj8clAdvNBXNH1N8B\" width=\"698\" height=\"523\" \/><img decoding=\"async\" loading=\"lazy\" class=\"aligncenter\" tabindex=\"0\" alt=\"carona1.jpg\" src=\"https:\/\/lh6.googleusercontent.com\/0A4ifY_gOe3_Dw5P2PrDyq4NJh95DQq9R8xXJ8PUy9oz0uMRZfemogxhGil8ItPN1iVhrMN_RALgKTN6U8afndJ-5TmrI9qAJexiZjnfwGvJDve9212tMaP0gw3DffZXaWNmXYI5\" width=\"698\" height=\"523\" \/><\/p>\n","protected":false},"excerpt":{"rendered":"<p>Na tarde do dia 12\/07, quarta feira, o PET-SI recebeu em sua sala no PAP os estudantes da UFRJ Manuel Meyer, Yuri Duarte e Rafael Damasceno(na foto), que s\u00e3o os criadores do aplicativo de carona mais famoso do meio universit\u00e1rio, o Carona\u00ea UFRJ. Carona solid\u00e1ria \u00e9 uma realidade presente em quase todos os campus do [&hellip;]<\/p>\n","protected":false},"author":3,"featured_media":2644,"comment_status":"closed","ping_status":"closed","sticky":false,"template":"","format":"standard","meta":[],"categories":[1],"tags":[],"_links":{"self":[{"href":"https:\/\/r1.ufrrj.br\/petsi\/index.php?rest_route=\/wp\/v2\/posts\/2708"}],"collection":[{"href":"https:\/\/r1.ufrrj.br\/petsi\/index.php?rest_route=\/wp\/v2\/posts"}],"about":[{"href":"https:\/\/r1.ufrrj.br\/petsi\/index.php?rest_route=\/wp\/v2\/types\/post"}],"author":[{"embeddable":true,"href":"https:\/\/r1.ufrrj.br\/petsi\/index.php?rest_route=\/wp\/v2\/users\/3"}],"replies":[{"embeddable":true,"href":"https:\/\/r1.ufrrj.br\/petsi\/index.php?rest_route=%2Fwp%2Fv2%2Fcomments&post=2708"}],"version-history":[{"count":4,"href":"https:\/\/r1.ufrrj.br\/petsi\/index.php?rest_route=\/wp\/v2\/posts\/2708\/revisions"}],"predecessor-version":[{"id":2710,"href":"https:\/\/r1.ufrrj.br\/petsi\/index.php?rest_route=\/wp\/v2\/posts\/2708\/revisions\/2710"}],"wp:featuredmedia":[{"embeddable":true,"href":"https:\/\/r1.ufrrj.br\/petsi\/index.php?rest_route=\/wp\/v2\/media\/2644"}],"wp:attachment":[{"href":"https:\/\/r1.ufrrj.br\/petsi\/index.php?rest_route=%2Fwp%2Fv2%2Fmedia&parent=2708"}],"wp:term":[{"taxonomy":"category","embeddable":true,"href":"https:\/\/r1.ufrrj.br\/petsi\/index.php?rest_route=%2Fwp%2Fv2%2Fcategories&post=2708"},{"taxonomy":"post_tag","embeddable":true,"href":"https:\/\/r1.ufrrj.br\/petsi\/index.php?rest_route=%2Fwp%2Fv2%2Ftags&post=2708"}],"curies":[{"name":"wp","href":"https:\/\/api.w.org\/{rel}","templated":true}]}}