{"id":2669,"date":"2017-07-01T15:06:59","date_gmt":"2017-07-01T15:06:59","guid":{"rendered":"http:\/\/r1.ufrrj.br\/petsi\/?p=2669"},"modified":"2017-07-03T04:08:01","modified_gmt":"2017-07-03T04:08:01","slug":"pet-si-librasti-e-novas-parcerias","status":"publish","type":"post","link":"https:\/\/r1.ufrrj.br\/petsi\/?p=2669","title":{"rendered":"PET-SI, LibrasTI e novas parcerias"},"content":{"rendered":"<p style=\"text-align: center;\"><img decoding=\"async\" loading=\"lazy\" class=\"aligncenter  wp-image-2670\" alt=\" \" src=\"http:\/\/r1.ufrrj.br\/petsi\/wp-content\/uploads\/2017\/07\/Logotipo-300x300.png\" width=\"126\" height=\"126\" srcset=\"https:\/\/r1.ufrrj.br\/petsi\/wp-content\/uploads\/2017\/07\/Logotipo-300x300.png 300w, https:\/\/r1.ufrrj.br\/petsi\/wp-content\/uploads\/2017\/07\/Logotipo-150x150.png 150w, https:\/\/r1.ufrrj.br\/petsi\/wp-content\/uploads\/2017\/07\/Logotipo.png 500w\" sizes=\"(max-width: 126px) 100vw, 126px\" \/><\/p>\n<p style=\"text-align: justify;\">Na \u00faltima segunda-feira (26\/06), alguns alunos do <strong>PET-SI<\/strong> junto com o professor e tutor do grupo, S\u00e9rgio Serra levaram o aplicativo m\u00f3vel <span style=\"color: #000080;\"><strong>LibrasTI<\/strong><\/span>\u00a0at\u00e9 a coordena\u00e7\u00e3o de Letras da Universidade Federal Rural do Rio de Janeiro (UFRRJ) para mostrar a ferramenta. Na ocasi\u00e3o, al\u00e9m da professora Ana Ziner tamb\u00e9m esteve presente o professor Wagner Cabral, professor surdo de LIBRAS pela UFRRJ.<\/p>\n<p style=\"text-align: justify;\">O aplicativo leva at\u00e9 seus usu\u00e1rios v\u00eddeos em LIBRAS com mais de 70 termos tecnol\u00f3gicos como:\u00a0<em>Word, Powerpoint, Software, Hardware<\/em>, etc. Saiba mais sobre o aplicativo <a href=\"http:\/\/r1.ufrrj.br\/petsi\/?p=2581\" target=\"_blank\">clicando aqui<\/a>.<\/p>\n<p style=\"text-align: justify;\">A partir desse encontro, tornou-se poss\u00edvel estabelecer uma parceria entre o grupo PET-SI e professores do curso de LIBRAS para que assim haja uma ampla divulga\u00e7\u00e3o e utiliza\u00e7\u00e3o do aplicativo para fins tamb\u00e9m acad\u00eamicos. A partir de agora o aplicativo ser\u00e1 testado por alunos e professores surdos para que seja poss\u00edvel a cria\u00e7\u00e3o de novas fun\u00e7\u00f5es e aperfei\u00e7oamentos das j\u00e1 existentes.<\/p>\n<p style=\"text-align: justify;\">O PET-SI busca trabalhar com ideias e objetivos que atinjam diversos p\u00fablicos, o projeto LibrasTI \u00e9 um deles e seus idealizadores est\u00e3o completamente satisfeitos com a import\u00e2ncia do aplicativo e sua grande fun\u00e7\u00e3o inclusiva, tornando a inform\u00e1tica cada vez mais disseminada.<\/p>\n<p>Veja algumas imagens da reuni\u00e3o:<\/p>\n\n\t\t<style type=\"text\/css\">\n\t\t\t#gallery-1 {\n\t\t\t\tmargin: auto;\n\t\t\t}\n\t\t\t#gallery-1 .gallery-item {\n\t\t\t\tfloat: left;\n\t\t\t\tmargin-top: 10px;\n\t\t\t\ttext-align: center;\n\t\t\t\twidth: 33%;\n\t\t\t}\n\t\t\t#gallery-1 img {\n\t\t\t\tborder: 2px solid #cfcfcf;\n\t\t\t}\n\t\t\t#gallery-1 .gallery-caption {\n\t\t\t\tmargin-left: 0;\n\t\t\t}\n\t\t\t\/* see gallery_shortcode() in wp-includes\/media.php *\/\n\t\t<\/style>\n\t\t<div id='gallery-1' class='gallery galleryid-2669 gallery-columns-3 gallery-size-thumbnail'><dl class='gallery-item'>\n\t\t\t<dt class='gallery-icon landscape'>\n\t\t\t\t<a href='https:\/\/r1.ufrrj.br\/petsi\/wp-content\/uploads\/2017\/07\/IMG_20170626_174835597_BURST000_COVER_TOP-Copy.jpg'><img width=\"150\" height=\"150\" src=\"https:\/\/r1.ufrrj.br\/petsi\/wp-content\/uploads\/2017\/07\/IMG_20170626_174835597_BURST000_COVER_TOP-Copy-150x150.jpg\" class=\"attachment-thumbnail size-thumbnail\" alt=\"\" decoding=\"async\" loading=\"lazy\" aria-describedby=\"gallery-1-2671\" \/><\/a>\n\t\t\t<\/dt>\n\t\t\t\t<dd class='wp-caption-text gallery-caption' id='gallery-1-2671'>\n\t\t\t\tReuni\u00e3o LibrasTI\n\t\t\t\t<\/dd><\/dl><dl class='gallery-item'>\n\t\t\t<dt class='gallery-icon landscape'>\n\t\t\t\t<a href='https:\/\/r1.ufrrj.br\/petsi\/wp-content\/uploads\/2017\/07\/IMG_20170626_175401721-Copy.jpg'><img width=\"150\" height=\"150\" src=\"https:\/\/r1.ufrrj.br\/petsi\/wp-content\/uploads\/2017\/07\/IMG_20170626_175401721-Copy-150x150.jpg\" class=\"attachment-thumbnail size-thumbnail\" alt=\"\" decoding=\"async\" loading=\"lazy\" aria-describedby=\"gallery-1-2672\" \/><\/a>\n\t\t\t<\/dt>\n\t\t\t\t<dd class='wp-caption-text gallery-caption' id='gallery-1-2672'>\n\t\t\t\tReuni\u00e3o LibrasTI\n\t\t\t\t<\/dd><\/dl><dl class='gallery-item'>\n\t\t\t<dt class='gallery-icon landscape'>\n\t\t\t\t<a href='https:\/\/r1.ufrrj.br\/petsi\/wp-content\/uploads\/2017\/07\/IMG_20170626_174841169_BURST001-Copy.jpg'><img width=\"150\" height=\"150\" src=\"https:\/\/r1.ufrrj.br\/petsi\/wp-content\/uploads\/2017\/07\/IMG_20170626_174841169_BURST001-Copy-150x150.jpg\" class=\"attachment-thumbnail size-thumbnail\" alt=\"\" decoding=\"async\" loading=\"lazy\" aria-describedby=\"gallery-1-2673\" \/><\/a>\n\t\t\t<\/dt>\n\t\t\t\t<dd class='wp-caption-text gallery-caption' id='gallery-1-2673'>\n\t\t\t\tReuni\u00e3o LibrasTI\n\t\t\t\t<\/dd><\/dl><br style=\"clear: both\" \/>\n\t\t<\/div>\n\n<p>&nbsp;<\/p>\n<p style=\"text-align: center;\">\n<iframe loading=\"lazy\" src=\"https:\/\/www.youtube.com\/embed\/o4qqar-Jn9Q\" height=\"315\" width=\"560\" allowfullscreen=\"\" frameborder=\"0\"><\/iframe><\/p>\n","protected":false},"excerpt":{"rendered":"<p>Na \u00faltima segunda-feira (26\/06), alguns alunos do PET-SI junto com o professor e tutor do grupo, S\u00e9rgio Serra levaram o aplicativo m\u00f3vel LibrasTI\u00a0at\u00e9 a coordena\u00e7\u00e3o de Letras da Universidade Federal Rural do Rio de Janeiro (UFRRJ) para mostrar a ferramenta. Na ocasi\u00e3o, al\u00e9m da professora Ana Ziner tamb\u00e9m esteve presente o professor Wagner Cabral, professor [&hellip;]<\/p>\n","protected":false},"author":3,"featured_media":0,"comment_status":"closed","ping_status":"closed","sticky":false,"template":"","format":"standard","meta":[],"categories":[5,7,9],"tags":[],"_links":{"self":[{"href":"https:\/\/r1.ufrrj.br\/petsi\/index.php?rest_route=\/wp\/v2\/posts\/2669"}],"collection":[{"href":"https:\/\/r1.ufrrj.br\/petsi\/index.php?rest_route=\/wp\/v2\/posts"}],"about":[{"href":"https:\/\/r1.ufrrj.br\/petsi\/index.php?rest_route=\/wp\/v2\/types\/post"}],"author":[{"embeddable":true,"href":"https:\/\/r1.ufrrj.br\/petsi\/index.php?rest_route=\/wp\/v2\/users\/3"}],"replies":[{"embeddable":true,"href":"https:\/\/r1.ufrrj.br\/petsi\/index.php?rest_route=%2Fwp%2Fv2%2Fcomments&post=2669"}],"version-history":[{"count":8,"href":"https:\/\/r1.ufrrj.br\/petsi\/index.php?rest_route=\/wp\/v2\/posts\/2669\/revisions"}],"predecessor-version":[{"id":2687,"href":"https:\/\/r1.ufrrj.br\/petsi\/index.php?rest_route=\/wp\/v2\/posts\/2669\/revisions\/2687"}],"wp:attachment":[{"href":"https:\/\/r1.ufrrj.br\/petsi\/index.php?rest_route=%2Fwp%2Fv2%2Fmedia&parent=2669"}],"wp:term":[{"taxonomy":"category","embeddable":true,"href":"https:\/\/r1.ufrrj.br\/petsi\/index.php?rest_route=%2Fwp%2Fv2%2Fcategories&post=2669"},{"taxonomy":"post_tag","embeddable":true,"href":"https:\/\/r1.ufrrj.br\/petsi\/index.php?rest_route=%2Fwp%2Fv2%2Ftags&post=2669"}],"curies":[{"name":"wp","href":"https:\/\/api.w.org\/{rel}","templated":true}]}}