{"id":1743,"date":"2015-11-08T16:10:22","date_gmt":"2015-11-08T16:10:22","guid":{"rendered":"http:\/\/r1.ufrrj.br\/petsi\/?p=1743"},"modified":"2015-11-08T16:11:06","modified_gmt":"2015-11-08T16:11:06","slug":"pet-si-e-si-presente-na-ii-feira-de-profissoes-da-ufrrj","status":"publish","type":"post","link":"https:\/\/r1.ufrrj.br\/petsi\/?p=1743","title":{"rendered":"PET-SI E SI PRESENTE NA II FEIRA DE PROFISS\u00d5ES DA UFRRJ"},"content":{"rendered":"<p>A segunda edi\u00e7\u00e3o da feira de profiss\u00f5es realizada na UFRRJ aconteceu ap\u00f3s o Exame Nacional do Ensino M\u00e9dio, realizada no dia 04 de novembro de 2015 e o objetivo da feira foi mostrar aos alunos do ensino m\u00e9dio de escolas da Baixada Fluminense \u00a0o que s\u00e3o os cursos oferecidos pela Universidade Rural e motiv\u00e1-los a ingressarem nos cursos, estimasse \u00a0que esse contato direto com graduandos possa servir para tirarem d\u00favidas e entenderem o que realmente significa cada um dos cursos.<\/p>\n<p>A feira tradicional \u00e9 um evento extensionista que acontece na Rural e conta com a presen\u00e7a de diversos grupos PET e disponibiliza aos alunos visitantes um espa\u00e7o com diversos stands onde cada um representa uma gradua\u00e7\u00e3o. Cada stand conta com graduandos e demonstrativos referentes ao curso como materiais explicativos, projetos e trabalhos.<\/p>\n<p>Alunos do PET-SI e do curso de Sistemas de Informa\u00e7\u00e3o foram representar o curso na \u00a0feira \u00a0e fizeram demonstra\u00e7\u00f5es das \u00e1reas a serem seguidas, do que \u00e9 ensinado no curso de SI al\u00e9m de tirarem d\u00favidas a respeito do que significa o curso e apresentaram as oportunidades do mercado de trabalho.<\/p>\n<p style=\"text-align: center;\"><img decoding=\"async\" loading=\"lazy\" class=\"size-large wp-image-1747\" alt=\"IIFDEPROF\" src=\"http:\/\/r1.ufrrj.br\/petsi\/wp-content\/uploads\/2015\/11\/IIFDEPROF-1024x341.png\" width=\"1024\" height=\"341\" srcset=\"https:\/\/r1.ufrrj.br\/petsi\/wp-content\/uploads\/2015\/11\/IIFDEPROF-1024x341.png 1024w, https:\/\/r1.ufrrj.br\/petsi\/wp-content\/uploads\/2015\/11\/IIFDEPROF-300x100.png 300w\" sizes=\"(max-width: 1024px) 100vw, 1024px\" \/><\/p>\n<p style=\"text-align: center;\"><img decoding=\"async\" loading=\"lazy\" class=\"aligncenter size-full wp-image-1748\" alt=\"image\" src=\"http:\/\/r1.ufrrj.br\/petsi\/wp-content\/uploads\/2015\/11\/image.png\" width=\"480\" height=\"270\" srcset=\"https:\/\/r1.ufrrj.br\/petsi\/wp-content\/uploads\/2015\/11\/image.png 480w, https:\/\/r1.ufrrj.br\/petsi\/wp-content\/uploads\/2015\/11\/image-300x168.png 300w\" sizes=\"(max-width: 480px) 100vw, 480px\" \/><\/p>\n","protected":false},"excerpt":{"rendered":"<p>A segunda edi\u00e7\u00e3o da feira de profiss\u00f5es realizada na UFRRJ aconteceu ap\u00f3s o Exame Nacional do Ensino M\u00e9dio, realizada no dia 04 de novembro de 2015 e o objetivo da feira foi mostrar aos alunos do ensino m\u00e9dio de escolas da Baixada Fluminense \u00a0o que s\u00e3o os cursos oferecidos pela Universidade Rural e motiv\u00e1-los a [&hellip;]<\/p>\n","protected":false},"author":3,"featured_media":0,"comment_status":"closed","ping_status":"closed","sticky":false,"template":"","format":"standard","meta":[],"categories":[1],"tags":[],"_links":{"self":[{"href":"https:\/\/r1.ufrrj.br\/petsi\/index.php?rest_route=\/wp\/v2\/posts\/1743"}],"collection":[{"href":"https:\/\/r1.ufrrj.br\/petsi\/index.php?rest_route=\/wp\/v2\/posts"}],"about":[{"href":"https:\/\/r1.ufrrj.br\/petsi\/index.php?rest_route=\/wp\/v2\/types\/post"}],"author":[{"embeddable":true,"href":"https:\/\/r1.ufrrj.br\/petsi\/index.php?rest_route=\/wp\/v2\/users\/3"}],"replies":[{"embeddable":true,"href":"https:\/\/r1.ufrrj.br\/petsi\/index.php?rest_route=%2Fwp%2Fv2%2Fcomments&post=1743"}],"version-history":[{"count":4,"href":"https:\/\/r1.ufrrj.br\/petsi\/index.php?rest_route=\/wp\/v2\/posts\/1743\/revisions"}],"predecessor-version":[{"id":1752,"href":"https:\/\/r1.ufrrj.br\/petsi\/index.php?rest_route=\/wp\/v2\/posts\/1743\/revisions\/1752"}],"wp:attachment":[{"href":"https:\/\/r1.ufrrj.br\/petsi\/index.php?rest_route=%2Fwp%2Fv2%2Fmedia&parent=1743"}],"wp:term":[{"taxonomy":"category","embeddable":true,"href":"https:\/\/r1.ufrrj.br\/petsi\/index.php?rest_route=%2Fwp%2Fv2%2Fcategories&post=1743"},{"taxonomy":"post_tag","embeddable":true,"href":"https:\/\/r1.ufrrj.br\/petsi\/index.php?rest_route=%2Fwp%2Fv2%2Ftags&post=1743"}],"curies":[{"name":"wp","href":"https:\/\/api.w.org\/{rel}","templated":true}]}}