{"id":1732,"date":"2015-10-09T18:18:44","date_gmt":"2015-10-09T18:18:44","guid":{"rendered":"http:\/\/r1.ufrrj.br\/petsi\/?p=1732"},"modified":"2015-10-09T18:18:44","modified_gmt":"2015-10-09T18:18:44","slug":"pet-si-e-o-outubro-rosa","status":"publish","type":"post","link":"https:\/\/r1.ufrrj.br\/petsi\/?p=1732","title":{"rendered":"PET-SI e o Outubro Rosa"},"content":{"rendered":"<p><span style=\"color: #ff00ff;\"><strong>Outubro Rosa<\/strong><\/span> \u00e9 um movimento internacional que remete a cor do la\u00e7o rosa que \u00e9 s\u00edmbolo mundial da luta contra o c\u00e2ncer de mama e estimula todos a participarem, pessoas, empresas e entidades.<\/p>\n<p>O movimento come\u00e7ou nos Estados Unidos onde o m\u00eas de Outubro \u00e9 o m\u00eas nacional de preven\u00e7\u00e3o do c\u00e2ncer de mama.<\/p>\n<p>O la\u00e7o rosa foi criado pela <a href=\"www.komen.org\">Funda\u00e7\u00e3o Susan G. Komen for the Cur<\/a>e para a primeira corrida pela cura que aconteceu em Nova York em 1990.<\/p>\n<p>O Outubro Rosa \u00e9 conhecido hoje mundialmente e de forma bonita, clara e elegante motiva as pessoas sobre a import\u00e2ncia da preven\u00e7\u00e3o do c\u00e2ncer de mama e da import\u00e2ncia que os exames tem para com a popula\u00e7\u00e3o feminina.<\/p>\n<p>O PET-SI orgulha-se de fazer parte dessa campanha e estimula a participa\u00e7\u00e3o de todos.<\/p>\n<p style=\"text-align: center;\"><img decoding=\"async\" loading=\"lazy\" class=\"aligncenter  wp-image-1733\" alt=\"Sem t\u00edtulo\" src=\"http:\/\/r1.ufrrj.br\/petsi\/wp-content\/uploads\/2015\/10\/Sem-t\u00edtulo.png\" width=\"267\" height=\"269\" srcset=\"https:\/\/r1.ufrrj.br\/petsi\/wp-content\/uploads\/2015\/10\/Sem-t\u00edtulo.png 545w, https:\/\/r1.ufrrj.br\/petsi\/wp-content\/uploads\/2015\/10\/Sem-t\u00edtulo-150x150.png 150w, https:\/\/r1.ufrrj.br\/petsi\/wp-content\/uploads\/2015\/10\/Sem-t\u00edtulo-297x300.png 297w\" sizes=\"(max-width: 267px) 100vw, 267px\" \/><\/p>\n","protected":false},"excerpt":{"rendered":"<p>Outubro Rosa \u00e9 um movimento internacional que remete a cor do la\u00e7o rosa que \u00e9 s\u00edmbolo mundial da luta contra o c\u00e2ncer de mama e estimula todos a participarem, pessoas, empresas e entidades. O movimento come\u00e7ou nos Estados Unidos onde o m\u00eas de Outubro \u00e9 o m\u00eas nacional de preven\u00e7\u00e3o do c\u00e2ncer de mama. O [&hellip;]<\/p>\n","protected":false},"author":3,"featured_media":0,"comment_status":"closed","ping_status":"closed","sticky":false,"template":"","format":"standard","meta":[],"categories":[1],"tags":[],"_links":{"self":[{"href":"https:\/\/r1.ufrrj.br\/petsi\/index.php?rest_route=\/wp\/v2\/posts\/1732"}],"collection":[{"href":"https:\/\/r1.ufrrj.br\/petsi\/index.php?rest_route=\/wp\/v2\/posts"}],"about":[{"href":"https:\/\/r1.ufrrj.br\/petsi\/index.php?rest_route=\/wp\/v2\/types\/post"}],"author":[{"embeddable":true,"href":"https:\/\/r1.ufrrj.br\/petsi\/index.php?rest_route=\/wp\/v2\/users\/3"}],"replies":[{"embeddable":true,"href":"https:\/\/r1.ufrrj.br\/petsi\/index.php?rest_route=%2Fwp%2Fv2%2Fcomments&post=1732"}],"version-history":[{"count":2,"href":"https:\/\/r1.ufrrj.br\/petsi\/index.php?rest_route=\/wp\/v2\/posts\/1732\/revisions"}],"predecessor-version":[{"id":1735,"href":"https:\/\/r1.ufrrj.br\/petsi\/index.php?rest_route=\/wp\/v2\/posts\/1732\/revisions\/1735"}],"wp:attachment":[{"href":"https:\/\/r1.ufrrj.br\/petsi\/index.php?rest_route=%2Fwp%2Fv2%2Fmedia&parent=1732"}],"wp:term":[{"taxonomy":"category","embeddable":true,"href":"https:\/\/r1.ufrrj.br\/petsi\/index.php?rest_route=%2Fwp%2Fv2%2Fcategories&post=1732"},{"taxonomy":"post_tag","embeddable":true,"href":"https:\/\/r1.ufrrj.br\/petsi\/index.php?rest_route=%2Fwp%2Fv2%2Ftags&post=1732"}],"curies":[{"name":"wp","href":"https:\/\/api.w.org\/{rel}","templated":true}]}}